[{"@context":"https:\/\/schema.org\/","@type":"Article","@id":"https:\/\/www.roxaco.cz\/vlasy-jsou-ozdobou-zeny\/#Article","mainEntityOfPage":"https:\/\/www.roxaco.cz\/vlasy-jsou-ozdobou-zeny\/","headline":"Vlasy jsou ozdobou \u017eeny","name":"Vlasy jsou ozdobou \u017eeny","description":" [&hellip;]","datePublished":"2024-09-11","dateModified":"2024-09-11","author":{"@type":"Person","@id":"https:\/\/www.roxaco.cz\/author\/#Person","name":"","url":"https:\/\/www.roxaco.cz\/author\/","identifier":1,"image":{"@type":"ImageObject","@id":"https:\/\/secure.gravatar.com\/avatar\/44215cbfc388d6c267f7eccf0a5fae95a459f733d44435ee1a21bfc9d2aea339?s=96&d=mm&r=g","url":"https:\/\/secure.gravatar.com\/avatar\/44215cbfc388d6c267f7eccf0a5fae95a459f733d44435ee1a21bfc9d2aea339?s=96&d=mm&r=g","height":96,"width":96}},"publisher":{"@type":"Organization","name":"roxaco.cz","logo":{"@type":"ImageObject","@id":"\/logo.png","url":"\/logo.png","width":600,"height":60}},"image":{"@type":"ImageObject","@id":"https:\/\/www.roxaco.cz\/wp-content\/uploads\/sv%C4%9Btl%C3%A1%20paruka.jpg","url":"https:\/\/www.roxaco.cz\/wp-content\/uploads\/sv%C4%9Btl%C3%A1%20paruka.jpg","height":0,"width":0},"url":"https:\/\/www.roxaco.cz\/vlasy-jsou-ozdobou-zeny\/","about":["Podnik\u00e1n\u00ed"],"wordCount":398,"articleBody":"   Vlasy jsou ozdobou \u017eeny. To je r\u010den\u00ed, kter\u00e9 se b\u011b\u017en\u011b objevovalo v konverzaci p\u0159ed n\u011bkolika desetilet\u00edmi, ale zajist\u00e9 plat\u00ed dodnes. Vlasy se daj\u00ed velmi p\u011bkn\u011b upravit a dok\u00e1\u017e\u00ed tak pozdvihnout cel\u00fd outfit a doplnit jej tak, \u017ee vypad\u00e1 naprosto dokonale upraven\u00fd. Ne ka\u017ed\u00e1 \u017eena si vlasy um\u00ed upravit, co\u017e je d\u00e1no t\u00edm, \u017ee v na\u0161\u00ed zrychlen\u00e9 dob\u011b se z p\u011bkn\u011b upraven\u00e9ho \u00fa\u010desu stala v\u00fdsada lid\u00ed, kte\u0159\u00ed na to maj\u00ed \u010das. P\u0159itom n\u011bkter\u00e9 z nich by ani tolik \u010dasu nezabrali, jen pokud bychom m\u011bli \u010das na to se je nau\u010dit. Jen\u017ee kdy\u017e jsme cel\u00fd \u017eivot zvykl\u00ed nosit vlasy rozpu\u0161t\u011bn\u00e9 nebo sepnut\u00e9 v cul\u00edku, v moment\u011b, kdy bychom si i nakr\u00e1sn\u011b cht\u011bli s vlasy n\u011bco ud\u011blat, nezvl\u00e1dneme to. Nebo to aspo\u0148 nezvl\u00e1dneme tak, jak by se n\u00e1m l\u00edbilo. Jedn\u00e1 se vlastn\u011b v ur\u010dit\u00e9m smyslu o nad\u00e1n\u00ed, kter\u00e9 v sob\u011b ale mus\u00edme p\u011bstovat. N\u011bkte\u0159\u00ed z n\u00e1m maj\u00ed takov\u00e9 \u0161t\u011bst\u00ed, \u017ee jejich vlasy p\u0159irozen\u011b vypadaj\u00ed velmi kr\u00e1sn\u00e9 a upraven\u00e9. Obzvl\u00e1\u0161\u0165, pokud jsou dlouh\u00e9, a p\u0159itom zdrav\u00e9, tak\u017ee se jejich kone\u010dky nijak net\u0159ep\u00ed. Lesk takov\u00fdch vlas\u016f je jejich nekr\u00e1sn\u011bj\u0161\u00ed ozdobou, a tak je mo\u017en\u00e9 je nechat jen tak voln\u011b odpo\u010d\u00edvat na ramenou. Ale ruku na srdce, kolik z n\u00e1s m\u00e1 doopravdy takov\u00e9 vlasy, kter\u00fdm sv\u011bd\u010d\u00ed v\u00edce ne\u017e upraven\u00fd \u00fa\u010des, le\u017e\u00e9rn\u00ed neupravenost.I vlasy, kter\u00e9 nespl\u0148uj\u00ed ur\u010dit\u00e9 spole\u010densk\u00e9 p\u0159edstavy mohou b\u00fdt d\u016fvodem k mal\u00e9mu sebev\u011bdom\u00ed. A pokud je ani p\u011bkn\u00fd \u00fa\u010des nezachr\u00e1n\u00ed, je pot\u0159eba s\u00e1hnout po siln\u011bj\u0161\u00ed zbrani. N\u011bkdy je jednodu\u0161\u0161\u00ed prost\u011b set\u0159\u00e1st ze sebe ve\u0161ker\u00e9 p\u0159edsudky a vybrat si n\u011bkterou z paruk z prav\u00fdch vlas\u016f a jej\u00ed cena? N\u011bkdy dob\u0159e vybran\u00e1 paruka m\u016f\u017ee b\u00fdt to nejlep\u0161\u00ed \u0159e\u0161en\u00ed. Pokud si prohl\u00e9dnete n\u011bkolik vide\u00ed na YouTube, zjist\u00edte, \u017ee se v\u016fbec nejedn\u00e1 o nic neobvykl\u00e9ho. Sta\u010d\u00ed si jen tuto mo\u017enost p\u0159ipustit a vyzkou\u0161et ji. Samoz\u0159ejm\u00e9 je, \u017ee mus\u00edte vybrat takovou paruku, kter\u00e1 se k V\u00e1m bude hodit, ale to jist\u011b d\u00edky nab\u00eddce nebude probl\u00e9m.                                                                                                                                                                                                                                                                                                                                                                                           3.4\/5 - (8 votes)        "},{"@context":"https:\/\/schema.org\/","@type":"BreadcrumbList","itemListElement":[{"@type":"ListItem","position":1,"name":"Vlasy jsou ozdobou \u017eeny","item":"https:\/\/www.roxaco.cz\/vlasy-jsou-ozdobou-zeny\/#breadcrumbitem"}]}]